{"date":"1974-05-05","state":"completed","last_modified":"2025-03-20T09:41:20.350997+00:00","extraordinary":false,"video_url":"","overview":"<h2>Traktandenliste</h2><p>\u00a7 1<br>\nEr\u00f6ffnung der Landsgemeinde</p><p>\u00a7 2<br>\nWahlen</p><p>\u00a7 3<br>\nFestsetzung des Steuerfusses</p><p>\u00a7 4<br>\nBeschluss \u00fcber den Beitritt des Kantons Glarus zur Interkantonalen Vereinbarung \u00fcber den Salzverkauf in der Schweiz vom 22. November 1973</p><p>\u00a7 5<br>\nBeschluss \u00fcber den Beitritt des Kantons Glarus zum Konkordat \u00fcber den Handel mit Waffen und Munition vom 27. M\u00e4rz 1969</p><p>\u00a7 6<br>\nAntrag auf Obligatorischerkl\u00e4rung der Krankenpflege- und Spitalversicherung</p><p>\u00a7 7<br>\nA. Gesetz \u00fcber das Kantons- und Gemeindeb\u00fcrgerrecht (B\u00fcrgerrechtsgesetz)<br>\nB. \u00c4nderung des Artikels 14 und Aufhebung der Artikel 15, 44 Ziffer 16 und 73 Absatz 2<br>\nder Kantonsverfassung</p><p>\u00a7 8<br>\nGesetz \u00fcber die Verwendung von Motorfahrzeugen ausserhalb der \u00f6ffentlichen Strassen und Wege</p><p>\u00a7 9<br>\nZusicherung eines Beitrages von Franken 228'000.- f\u00fcr die Einrichtung einer Tiermehlfabrik Ostschweiz AG in Bazenheid und einer regionalen Sammelstelle f\u00fcr tierische Abf\u00e4lle</p><p>\u00a7 10<br>\nAntrag auf Erlass von Massnahmen zur Unterbringung und Betreuung von Alters- und Chronischkranken und Errichtung eines kantonalen Pflegeheims</p><p>\u00a7 11<br>\n\u00c4nderung der Artikel 22, 23, 24, 29 und 39 des Gesetzes \u00fcber das Steuerwesen</p><p>\u00a7 12<br>\nGesetz \u00fcber Kinderzulagen f\u00fcr Arbeitnehmer</p><p>\u00a7 13<br>\n\u00c4nderung der Artikel 4 und 11 des Vollziehungsgesetzes vom 5. Mai 1963 zum Bundesgesetz \u00fcber Jagd und Vogelschutz vom 10. Juni 1925</p><h2>Ehreng\u00e4ste</h2><p>Regierungsrat Kanton Zug in corpore<br>\nOberstdivision\u00e4r Richard Ochsner Kommandant der Mechanisierten Division 11<br>\nOberstbrigadierMario Oss Kommandant Reduitbrigade 24<br>\nOberst Gerold Hilty Kommandant Gebirgsinfanterieregiment 35<br>\nBundesrat Hans H\u00fcrlimann entschuldigt abwesend<br>\n</p>","files":{"memorial_pdf":"https://www.landsgemeinde.gl.ch/storage/d8333be08eb16e75999bf9cc5d2d0515643f26696bbc0e8ab44a96b996ce25dc","memorial_2_pdf":null,"memorial_supplement_pdf":null,"protocol_pdf":"https://www.landsgemeinde.gl.ch/storage/9fba020c7bf186851482c8dff4fa1f2e6ddbda633b35ed26717b27aab1240ada","audio_mp3":"https://www.landsgemeinde.gl.ch/storage/a31d0443ba1fa8fc9d76ff7f79b8c43532db338933e07507d931c02da6c53301","audio_zip":null},"agenda_items":[]}