{"date":"1975-05-04","state":"completed","last_modified":"2025-03-20T09:41:47.820458+00:00","extraordinary":false,"video_url":"","overview":"<h2>Traktandenliste</h2><p>\u00a7 1<br>\nEr\u00f6ffnung der Landsgemeinde</p><p>\u00a7 2<br>\nWahlen</p><p>\u00a7 3<br>\nFestsetzung des Steuerfusses</p><p>\u00a7 4<br>\n\u00c4nderung von Artikel 169bis Absatz 3 des Gesetzes \u00fcber die Einf\u00fchrung des Schweiz. Zivilgesetzbuches<br>\nim Kanton Glarus</p><p>\u00a7 5<br>\nA. \u00c4nderung von Artikel 37 des Gesetzes \u00fcber die Einf\u00fchrung des Schweiz. Zivilgesetzbuches<br>\nim Kanton Glarus<br>\nB. \u00c4nderung von Artikel 227 des Gesetzes \u00fcber die Einf\u00fchrung des Schweiz. Zivilgesetzbuches<br>\nim Kanton Glarus</p><p>\u00a7 6<br>\nAntrag auf \u00c4nderung von Artikel 175 der Strafprozessordnung des Kantons Glarus und auf Aufhebung von<br>\nArtikel 26 des Gesetzes \u00fcber die Einf\u00fchrung des Schweizerischen Strafgesetzbuches im Kanton Glarus</p><p>\u00a7 7<br>\nA. Gesetz \u00fcber das Kantons- und Gemeindeb\u00fcrgerrecht<br>\n(B\u00fcrgerrechtsgesetz)</p><p>\u00a7 8<br>\nAntrag auf Abschaffung der Tagwensgemeinden</p><p>\u00a7 9<br>\nAntrag auf Erteilung des Stimmrechtes an ehemalige Tagwensb\u00fcrgerinnen</p><p>\u00a7 10<br>\nBeschluss \u00fcber den Beitritt des Kantons Glarus zum Konkordat betreffend den Ausbau und den Betrieb<br>\ndes Technikums f\u00fcr Obst-, Wein- und Gartenbau in W\u00e4denswil</p><p>\u00a7 11<br>\nAntr\u00e4ge auf \u00c4nderung der Artikel 126, 127 und 132 des Gesetzes \u00fcber das Schulwesen</p><p>\u00a7 12<br>\nBau eines kantonalen Verwaltungsgeb\u00e4udes im Zusammenhang mit dem Neubau des<br>\nPostgeb\u00e4udes in Glarus<br>\nGew\u00e4hrung eines Kredites von 7'790'000 Franken</p><p>\u00a7 13<br>\n\u00c4nderung der Artikel 11 und 14 des Vollziehungsgesetzes zum Bundesgesetz betreffend die Fischerei<br>\n(Neuaufsetzung der Patenttaxen)</p><p>\u00a7 14<br>\nWahl der beiden Ratsweibel und des Gerichtsweibels</p><h2>Ehreng\u00e4ste</h2><p>Regierungsrat Kanton St. Gallenin corpore<br>\nSt\u00e4nderatspr\u00e4sident Heinrich Oechslin Lachen<br>\nOberstkorpskdt G\u00e9rard Lattion Ausbildungschef<br>\nOberstbrigadierKaspar Haug Chef Kriegsmaterialverwaltung<br>\nBundesrat Willi Ritschard entschuldigt abwesend</p>","files":{"memorial_pdf":"https://www.landsgemeinde.gl.ch/storage/541af2b224d0c397a2c7eed15082ebdcec96abdd158c1adbac607584c576cd3f","memorial_2_pdf":null,"memorial_supplement_pdf":null,"protocol_pdf":"https://www.landsgemeinde.gl.ch/storage/938a025190b530d584ef188515819f87ee6bb4fce8c58759904b00de2791d958","audio_mp3":"https://www.landsgemeinde.gl.ch/storage/76229055e052e9008ca8d13a63f3524fb0fefbd4d8347e87bd6f14052e4b3d5a","audio_zip":null},"agenda_items":[]}