{"date":"1988-05-01","state":"completed","last_modified":"2025-03-20T09:49:57.037140+00:00","extraordinary":false,"video_url":"","overview":"<h2>Traktandenliste</h2><p>\u00a7 1<br>\nEr\u00f6ffnung der Landsgemeinde</p><p>\u00a7 2<br>\nWahlen</p><p>\u00a7 3<br>\nVerfassung des Kantons Glarus</p><p>\u00a7 4<br>\nFestsetzung des Steuerfusses</p><p>\u00a7 5<br>\nGesetz \u00fcber die steuerbeg\u00fcnstigten Arbeitsbeschaffungsreserven</p><p>\u00a7 6<br>\nA. \u00c4nderung des Gerichtsorganisationsgesetzes<br>\nB. \u00c4nderung der Strafprozessordnung<br>\nC. \u00c4nderung des Einf\u00fchrungsgesetzes zum Obligationenrecht<br>\nD. \u00c4nderung der Zivilprozessordnung</p><p>\u00a7 7<br>\nAntrag auf \u00c4nderung des Einf\u00fchrungsgesetzes zum Bundesgesetz \u00fcber den Strassenverkehr und des<br>\nStrassengesetzes (Befreiung der Besitzer von Fahrr\u00e4der von Steuern und Geb\u00fchren)</p><p>\u00a7 8<br>\nAntrag auf Erteilung eines Kredites f\u00fcr den Weiterausbau der Kantonsstrasse Leimen-Schw\u00e4ndi</p><p>\u00a7 9<br>\nA. \u00c4nderung der Kantonsverfassung<br>\nB. Raumplanungs- und Baugesesetz</p><p>\u00a7 10<br>\n\u00c4nderung des Einf\u00fchrungsgesetzes zum Bundesgesetz \u00fcber den Schutz der Gew\u00e4sser gegen Verunreinigung</p><p>\u00a7 11<br>\nBeschluss \u00fcber die Zusicherung eines Kantonsbeitrages an das \u201eFridlihuus\u201c</p><p>\u00a7 12<br>\nBeschluss \u00fcber die Gew\u00e4hrung eines Kredites von 1'560'000.-- Franken f\u00fcr die Anschaffung eines Computer-Tomographen<br>\nam Kantonsspital</p><p>\u00a7 13<br>\nA. \u00c4nderung der Kantonsverfassung<br>\nB. \u00c4nderung des Gesetzes \u00fcber das Steuerwesen</p><p>\u00a7 14<br>\n\u00c4nderung des Gesundheitsgesetzes (Fortpflanzungsmedizin)</p><h2>Ehreng\u00e4ste</h2><p>Bundesr\u00e4tin Elisabeth Kopp Vorsteherin EJPD<br>\nStandeskommission Kanton Appenzell-IR in corpore<br>\nDivision\u00e4r Kurt Lipp Kommandant Felddivision 7<br>\nBrigadier Simon K\u00fcchler Kommandant Reduitbrigade 24<br>\nBrigadier Peter M\u00fchlheim Direktor Kriegsmaterialverwaltung</p>","files":{"memorial_pdf":"https://www.landsgemeinde.gl.ch/storage/c90e9577da352ec196e6459a95d36e47e33a55d8940e732ab755bae4a84b8aa9","memorial_2_pdf":null,"memorial_supplement_pdf":null,"protocol_pdf":"https://www.landsgemeinde.gl.ch/storage/c3cf7434587e1790c12bfe18e7d5648c1d0efbe2435d0abe6f87e7bf8334f091","audio_mp3":"https://www.landsgemeinde.gl.ch/storage/2219e114e92687bf31296dc32a7819da14ca7ef82f2db07205fb018e2fe1dc9b","audio_zip":null},"agenda_items":[]}