{"date":"1992-05-03","state":"completed","last_modified":"2025-03-20T12:33:05.001621+00:00","extraordinary":false,"video_url":"","overview":"<h2>Traktandenliste</h2><p>\u00a7 1<br>\nEr\u00f6ffnung der Landsgemeinde</p><p>\u00a7 2<br>\nWahlen</p><p>\u00a7 3<br>\nFestsetzung des Steuerfusses</p><p>\u00a7 4<br>\nBeschluss \u00fcber den Beitritt des Kantons Glarus zur Interkantonalen Vereinbarung \u00fcber Hochschulbeitr\u00e4ge f\u00fcr die Jahre 1993-1998</p><p>\u00a7 5<br>\nEinf\u00fchrungsgesetz zu den bundesrechtlichen Bestimmungen in den Bereichen Arbeit, Unfallverh\u00fctung und Sicherheit von technischenEinrichtungen und Ger\u00e4ten</p><p>\u00a7 6<br>\n\u00c4nderung des Gesetzes \u00fcber die Verbesserung der Wohnverh\u00e4ltnisse im Kanton Glarus</p><p>\u00a7 7<br>\n\u00c4nderung des Einf\u00fchrungsgesetzes zum Bundesgesetz \u00fcber den Strassenverkehr</p><p>\u00a7 8<br>\nAntrag auf Erlass eines Gesetzes \u00fcber den Schutz des Kl\u00f6ntals</p><p>\u00a7 9<br>\nUmbau und Sanierung des Schwesternhochhauses des Kantonsspitals; Gew\u00e4hrung eines Kredites von 5'500'000 Franken</p><p>\u00a7 10<br>\n\u00c4nderung des Gesetzes \u00fcber das Steuerwesen</p><p>\u00a7 11<br>\nA. \u00c4nderung der Verfassung des Kantons Glarus<br>\nB. Gemeindegesetz</p><h2></h2><h2>Ehreng\u00e4ste</h2><p>Bundespr\u00e4sident Ren\u00e9 Felber Vorsteher Eidg. Departement Ausw\u00e4rtiges<br>\nRegierungsrat Kanton Solothurn in corpore<br>\nDivision\u00e4r Urs Bender EMD Reformen<br>\nDivision\u00e4r Hans-Rudolf Blumer Kommandant Mechaniker Division 11<br>\nDivision\u00e4r Arthur Liener Direktor Bundesamt Genie und Festung<br>\nOberst im Generalstab Klaus Jenny Kommandant Gebirgsinfanterie Regiment 35</p>","files":{"memorial_pdf":"https://www.landsgemeinde.gl.ch/storage/86a9d196f833250ff05af54591e9d0e4d0dcb1f7afce9c0fa28fa23532ab2ab8","memorial_2_pdf":null,"memorial_supplement_pdf":null,"protocol_pdf":"https://www.landsgemeinde.gl.ch/storage/3d27dc65e9a535da6edae0463e78ebbe9840ef4b1f34e59fa29ba6c34a2569b3","audio_mp3":"https://www.landsgemeinde.gl.ch/storage/427e714987147db9c0fb58e08d8de4b89ce0e703226ddd31ed45955b771e0603","audio_zip":null},"agenda_items":[]}