{"date":"1997-05-04","state":"completed","last_modified":"2025-03-20T12:36:19.731630+00:00","extraordinary":false,"video_url":"","overview":"<h2>Traktandenliste</h2><p>\u00a7 1<br>\nEr\u00f6ffnung der Landsgemeinde</p><p>\u00a7 2<br>\nWahlen</p><p>\u00a7 3<br>\nFestsetzung des Steuerfusses</p><p>\u00a7 4<br>\nAufhebung des Vollziehungsgesetzes zum Bundesgesetz vom 8. November 1934 \u00fcber die Banken und Sparkasse</p><p>\u00a7 5<br>\nGesetz \u00fcber die Aufhebung der Staatlichen Alters- und Invalidenversicherung f\u00fcr den Kanton Glarus</p><p>\u00a7 6<br>\nGesetz \u00fcber die Einf\u00fchrung des Bundesgesetzes \u00fcber die Schuldbetreibung und Konkurs</p><p>\u00a7 7<br>\nGesetz \u00fcber die Viehversicherung</p><p>\u00a7 8<br>\nEinf\u00fchrungsgesetz zum Bundesgesetz \u00fcber die Fischerei</p><p>\u00a7 9<br>\nA. Kantonales Submissionsgesetz<br>\nB. Beitritt zur Interkantonalen Vereinbarung \u00fcber das \u00f6ffentliche Beschaffungswesen</p><p>\u00a7 10<br>\n\u00c4nderung des Einf\u00fchrungsgesetzes zu den bundesrechtlichen Bestimmungen \u00fcber die Miete und die nichtlandwirtschaftliche Pacht</p><p>\u00a7 11<br>\n\u00c4nderung des Einf\u00fchrungsgesetzes zum Bundesgesetz \u00fcber die obligatorische Arbeitslosenversicherung und die Insolvenzentsch\u00e4digung</p><p>\u00a7 12<br>\nA. \u00c4nderung des Gesetzes \u00fcber das Schulwesen<br>\nB. \u00c4nderung des Gesetzes \u00fcber die Kinderg\u00e4rten</p><p>\u00a7 13<br>\nBeschluss \u00fcber die Gew\u00e4hrung eines Beitrages von 3'600'000 Franken zur finanziellen Sanierung der Braunwaldbahn AG</p><p>\u00a7 14<br>\n\u00c4nderung des Einf\u00fchrungsgesetzes zum Bundesgesetz \u00fcber die Krankenversicherung</p><p>\u00a7 15<br>\nA. Festlegung der Linienf\u00fchrung der Umfahrungsstrasse N\u00e4fels-Mollis<br>\nB. Gew\u00e4hrung eines Kredites von 56'000'000 Franken f\u00fcr den Bau der Umfahrungsstrasse N\u00e4fels-Mollis<br>\nC. Gew\u00e4hrung eines Kredites von 2'500'000 Franken f\u00fcr den Ausbau des Halbanschlusses Girswiesen in der Gemeinde Oberurnen zu einem Vollanschluss</p><p>Unerheblich erkl\u00e4rter Memorialsantrag</p>","files":{"memorial_pdf":"https://www.landsgemeinde.gl.ch/storage/2edd7b98b75b5e0f5c86787bf1ce64b34d4fc035ff1f9e818353028292586890","memorial_2_pdf":null,"memorial_supplement_pdf":null,"protocol_pdf":"https://www.landsgemeinde.gl.ch/storage/3c5deda53466d9eb914c63173841ff4bc9b4b4938c4281f7c9db523ab1dac306","audio_mp3":"https://www.landsgemeinde.gl.ch/storage/3d2729649097d008e443cf42ea84f9ede5892c858929de3009821c0aa6aca21e","audio_zip":null},"agenda_items":[]}